{"id":24003,"date":"2018-03-07T15:53:28","date_gmt":"2018-03-07T14:53:28","guid":{"rendered":"https:\/\/kniznicasamorin.sk\/?p=24003"},"modified":"2018-03-07T15:53:28","modified_gmt":"2018-03-07T14:53:28","slug":"nina-willner-40-jeseni-skutocny-pribeh-rodiny-rozdelenej-zeleznou-oponou","status":"publish","type":"post","link":"https:\/\/kniznicasamorin.sk\/sk\/2018\/03\/nina-willner-40-jeseni-skutocny-pribeh-rodiny-rozdelenej-zeleznou-oponou\/","title":{"rendered":"Nina Willner: 40 jesen\u00ed. Skuto\u010dn\u00fd pr\u00edbeh rodiny rozdelenej \u017eeleznou oponou"},"content":{"rendered":"<p>V tomto dojemnom pr\u00edbehu sa skr\u00fdva skuto\u010dn\u00fd \u017eivot piatich \u017eien \u2013 rodiny, ktor\u00e1 bola viac ako \u0161tyridsa\u0165 rokov rozdelen\u00e1 \u017eeleznou oponou. Ke\u010f mala Hanna dvadsa\u0165 rokov, utiekla z v\u00fdchodn\u00e9ho Nemecka do z\u00e1padn\u00e9ho, len\u017ee cena za slobodu bola privysok\u00e1. Zanechala tam svojich rodi\u010dov, osem s\u00farodencov a svoj milovan\u00fd domov. O mnoho rokov nesk\u00f4r sa Hannina dc\u00e9ra, Nina Willner, v\u010faka svojej nev\u0161ednej pr\u00e1ci vojnovej d\u00f4stojn\u00ed\u010dky ocit\u00e1 vo v\u00fdchodnom Nemecku, na mieste vzdialenom iba k\u00fasok od jej nemeckej rodiny \u2013 od starkej, tety Heidi a sesternice Corduly, ktor\u00e1 je v tom \u010dase \u010dlenkou olympijsk\u00e9ho t\u00edmu v\u00fdchodn\u00e9ho Nemecka. \u010citate\u013e sa v\u010faka autorkinmu p\u00fatav\u00e9mu rozpr\u00e1vaniu dostane hlboko do tohto pochm\u00farneho a hr\u00f4zostra\u0161n\u00e9ho obdobia, ktor\u00e9 rozdelilo mesto a krajinu a des\u00ed n\u00e1s dodnes.<br \/>\n40 jesen\u00ed\u00a0je int\u00edmny a ve\u013emi kr\u00e1sne nap\u00edsan\u00fd pr\u00edbeh o odvahe, trpezlivosti a l\u00e1ske piatich \u017eien, o ich nezlomnej v\u00f4li, ktor\u00e1 im umo\u017enila bojova\u0165 o to, na \u010dom z\u00e1le\u017e\u00ed najviac \u2013 o \u0161\u0165astie vlastnej rodiny.<\/p>\n","protected":false},"excerpt":{"rendered":"<p>V tomto dojemnom pr\u00edbehu sa skr\u00fdva skuto\u010dn\u00fd \u017eivot piatich \u017eien \u2013 rodiny, ktor\u00e1 bola viac ako \u0161tyridsa\u0165 rokov rozdelen\u00e1 \u017eeleznou oponou. Ke\u010f mala Hanna dvadsa\u0165 rokov, utiekla z v\u00fdchodn\u00e9ho Nemecka do z\u00e1padn\u00e9ho, len\u017ee cena za slobodu bola privysok\u00e1. Zanechala tam svojich rodi\u010dov, osem s\u00farodencov a svoj milovan\u00fd domov. O mnoho rokov nesk\u00f4r sa Hannina dc\u00e9ra,&#8230; <\/p>\n<div class=\"clear\"><\/div>\n<p><a href=\"https:\/\/kniznicasamorin.sk\/sk\/2018\/03\/nina-willner-40-jeseni-skutocny-pribeh-rodiny-rozdelenej-zeleznou-oponou\/\" class=\"excerpt-read-more newsstand-button\">\u010c\u00edtaj viac<\/a><\/p>\n","protected":false},"author":107,"featured_media":23997,"comment_status":"open","ping_status":"open","sticky":false,"template":"","format":"standard","meta":{"_acf_changed":false,"footnotes":""},"categories":[1],"tags":[],"class_list":["post-24003","post","type-post","status-publish","format-standard","has-post-thumbnail","hentry","category-egyeb"],"acf":[],"_links":{"self":[{"href":"https:\/\/kniznicasamorin.sk\/sk\/wp-json\/wp\/v2\/posts\/24003","targetHints":{"allow":["GET"]}}],"collection":[{"href":"https:\/\/kniznicasamorin.sk\/sk\/wp-json\/wp\/v2\/posts"}],"about":[{"href":"https:\/\/kniznicasamorin.sk\/sk\/wp-json\/wp\/v2\/types\/post"}],"author":[{"embeddable":true,"href":"https:\/\/kniznicasamorin.sk\/sk\/wp-json\/wp\/v2\/users\/107"}],"replies":[{"embeddable":true,"href":"https:\/\/kniznicasamorin.sk\/sk\/wp-json\/wp\/v2\/comments?post=24003"}],"version-history":[{"count":0,"href":"https:\/\/kniznicasamorin.sk\/sk\/wp-json\/wp\/v2\/posts\/24003\/revisions"}],"wp:featuredmedia":[{"embeddable":true,"href":"https:\/\/kniznicasamorin.sk\/sk\/wp-json\/wp\/v2\/media\/23997"}],"wp:attachment":[{"href":"https:\/\/kniznicasamorin.sk\/sk\/wp-json\/wp\/v2\/media?parent=24003"}],"wp:term":[{"taxonomy":"category","embeddable":true,"href":"https:\/\/kniznicasamorin.sk\/sk\/wp-json\/wp\/v2\/categories?post=24003"},{"taxonomy":"post_tag","embeddable":true,"href":"https:\/\/kniznicasamorin.sk\/sk\/wp-json\/wp\/v2\/tags?post=24003"}],"curies":[{"name":"wp","href":"https:\/\/api.w.org\/{rel}","templated":true}]}}