{"id":22897,"date":"2016-09-13T15:50:24","date_gmt":"2016-09-13T13:50:24","guid":{"rendered":"https:\/\/kniznicasamorin.sk\/2016\/09\/elhunyt-toth-karoly\/"},"modified":"2016-09-13T15:50:24","modified_gmt":"2016-09-13T13:50:24","slug":"elhunyt-toth-karoly","status":"publish","type":"post","link":"https:\/\/kniznicasamorin.sk\/sk\/2016\/09\/elhunyt-toth-karoly\/","title":{"rendered":"Elhunyt T\u00f3th K\u00e1roly"},"content":{"rendered":"<p>A Zalabai Zsigmond V\u00e1rosi K\u00f6nyvt\u00e1r \u00e9s a F\u00f3rum Kisebbs\u00e9gkutat\u00f3 Int\u00e9zet m\u00e9ly megrend\u00fcl\u00e9ssel tudatja, hogy hosszan tart\u00f3, s\u00falyos betegs\u00e9g ut\u00e1n elhunyt az k\u00f6nyvt\u00e1runk \u00e9s az int\u00e9zet alap\u00edt\u00f3ja \u00e9s els\u0151 igazgat\u00f3ja, T\u00f3th K\u00e1roly.<\/p>\n<p>T\u00f3th K\u00e1roly 1959-ben sz\u00fcletett V\u00e1ghossz\u00fafalun. A szlov\u00e1kiai magyar k\u00f6z\u00e9letbe m\u00e1r di\u00e1kk\u00e9nt, a pozsonyi Comenius Egyetem magyar\u2013t\u00f6rt\u00e9nelem szak\u00e1nak hallgat\u00f3jak\u00e9nt kapcsol\u00f3dott be, majd a Mad\u00e1ch K\u00f6nyvkiad\u00f3 szerkeszt\u0151jek\u00e9nt kapcsolatba ker\u00fclt a korszak magyar \u00e9s szlov\u00e1k irodalmi \u00e9let\u00e9nek legfontosabb szerepl\u0151ivel. R\u00e9szt vett az amat\u0151r sz\u00ednj\u00e1tsz\u00f3 mozgalomban, szervezte a pozsonyi, v\u00e1gsellyei klub\u00e9letet, tagja volt az Ir\u00f3dia mozgalm\u00e1nak, alap\u00edt\u00f3 tagja a pozsonyi Magyar PEN Clubnak. A hus\u00e1ki szocializmus rendszer\u00e9t elutas\u00edtva m\u00e1r di\u00e1kk\u00e9nt bekapcsol\u00f3dott a Csehszlov\u00e1kiai Magyar Kisebbs\u00e9g Jogv\u00e9d\u0151 Bizotts\u00e1g\u00e1nak munk\u00e1j\u00e1ba. Egyik kezdem\u00e9nyez\u0151je volt a Csehszlov\u00e1kiai Magyarok Memoranduma 1988 c. dokumentumnak, amely amellett, hogy \u00f6sszefoglalta a magyar k\u00f6z\u00f6ss\u00e9g probl\u00e9m\u00e1it, hat\u00e1rozott \u00e1ll\u00e1st foglalt a demokratikus eur\u00f3pai \u00e9rt\u00e9krend mellett.<\/p>\n<p>1989-ben az egyik alap\u00edt\u00f3ja volt az els\u0151, a p\u00e1rt\u00e1llamt\u00f3l f\u00fcggetlen szlov\u00e1kiai politikai mozgalomnak, a F\u00fcggetlen Magyar Kezdem\u00e9nyez\u00e9snek. Az FMK, majd a Magyar Polg\u00e1ri P\u00e1rt eln\u00f6kek\u00e9nt, p\u00e1rtigazgat\u00f3jak\u00e9nt p\u00f3tolhatatlan szerepet j\u00e1tszott a szlov\u00e1kiai magyar \u00e9s az eg\u00e9sz szlov\u00e1kiai t\u00e1rsadalom demokratikus \u00e1talakul\u00e1s\u00e1ban.<\/p>\n<p>1996-ban alap\u00edt\u00f3ja \u00e9s 2014-ig igazgat\u00f3ja volt F\u00f3rum Kisebbs\u00e9gkutat\u00f3 Int\u00e9zetnek. A tudom\u00e1nyos \u00e9let int\u00e9zm\u00e9nyes\u00fcl\u00e9s\u00e9nek seg\u00edt\u00e9se mellett egyik kezdem\u00e9nyez\u0151je volt a szlov\u00e1kiai magyar civil t\u00e1rsadalom er\u0151fesz\u00edt\u00e9seit \u00f6sszehangol\u00f3 test\u00fclet, a Szlov\u00e1kiai Magyarok Kerekasztala megalak\u00edt\u00e1s\u00e1nak. 2014-t\u0151l a F\u00f3rum Kisebbs\u00e9gkutat\u00f3 Int\u00e9zet Tudom\u00e1nyos Tan\u00e1cs\u00e1nak eln\u00f6ki tiszt\u00e9t t\u00f6lt\u00f6tte be.<\/p>\n<p>T\u00f3th K\u00e1roly szem\u00e9ly\u00e9ben az eur\u00f3pai demokratikus \u00e9rt\u00e9kek ir\u00e1nt m\u00e9lyen elk\u00f6telezett, a szlov\u00e1kiai magyar k\u00f6z\u00f6ss\u00e9g\u00e9rt tev\u00e9keny szerepet v\u00e1llal\u00f3 koll\u00e9g\u00e1t \u00e9s egy nagyszer\u0171 embert \u00e9s bar\u00e1tot vesz\u00edtett\u00fcnk el.<\/p>\n<p>\u00d6r\u00f6ks\u00e9g\u00e9t \u00e1polni fogjuk!<\/p>\n<p>K\u00e1rolyt\u00f3l szeptember 14-\u00e9n, szerd\u00e1n, 16 \u00f3rakor vesz\u00fcnk v\u00e9gs\u0151 b\u00facs\u00fat a somorjai temet\u0151ben.<\/p>\n","protected":false},"excerpt":{"rendered":"<p>A Zalabai Zsigmond V\u00e1rosi K\u00f6nyvt\u00e1r \u00e9s a F\u00f3rum Kisebbs\u00e9gkutat\u00f3 Int\u00e9zet m\u00e9ly megrend\u00fcl\u00e9ssel tudatja, hogy hosszan tart\u00f3, s\u00falyos betegs\u00e9g ut\u00e1n elhunyt az k\u00f6nyvt\u00e1runk \u00e9s az int\u00e9zet alap\u00edt\u00f3ja \u00e9s els\u0151 igazgat\u00f3ja, T\u00f3th K\u00e1roly. T\u00f3th K\u00e1roly 1959-ben sz\u00fcletett V\u00e1ghossz\u00fafalun. A szlov\u00e1kiai magyar k\u00f6z\u00e9letbe m\u00e1r di\u00e1kk\u00e9nt, a pozsonyi Comenius Egyetem magyar\u2013t\u00f6rt\u00e9nelem szak\u00e1nak hallgat\u00f3jak\u00e9nt kapcsol\u00f3dott be, majd a Mad\u00e1ch K\u00f6nyvkiad\u00f3&#8230; <\/p>\n<div class=\"clear\"><\/div>\n<p><a href=\"https:\/\/kniznicasamorin.sk\/sk\/2016\/09\/elhunyt-toth-karoly\/\" class=\"excerpt-read-more newsstand-button\">\u010c\u00edtaj viac<\/a><\/p>\n","protected":false},"author":107,"featured_media":0,"comment_status":"open","ping_status":"open","sticky":false,"template":"","format":"standard","meta":{"_acf_changed":false,"footnotes":""},"categories":[4],"tags":[],"class_list":["post-22897","post","type-post","status-publish","format-standard","hentry","category-ine"],"acf":[],"_links":{"self":[{"href":"https:\/\/kniznicasamorin.sk\/sk\/wp-json\/wp\/v2\/posts\/22897","targetHints":{"allow":["GET"]}}],"collection":[{"href":"https:\/\/kniznicasamorin.sk\/sk\/wp-json\/wp\/v2\/posts"}],"about":[{"href":"https:\/\/kniznicasamorin.sk\/sk\/wp-json\/wp\/v2\/types\/post"}],"author":[{"embeddable":true,"href":"https:\/\/kniznicasamorin.sk\/sk\/wp-json\/wp\/v2\/users\/107"}],"replies":[{"embeddable":true,"href":"https:\/\/kniznicasamorin.sk\/sk\/wp-json\/wp\/v2\/comments?post=22897"}],"version-history":[{"count":0,"href":"https:\/\/kniznicasamorin.sk\/sk\/wp-json\/wp\/v2\/posts\/22897\/revisions"}],"wp:attachment":[{"href":"https:\/\/kniznicasamorin.sk\/sk\/wp-json\/wp\/v2\/media?parent=22897"}],"wp:term":[{"taxonomy":"category","embeddable":true,"href":"https:\/\/kniznicasamorin.sk\/sk\/wp-json\/wp\/v2\/categories?post=22897"},{"taxonomy":"post_tag","embeddable":true,"href":"https:\/\/kniznicasamorin.sk\/sk\/wp-json\/wp\/v2\/tags?post=22897"}],"curies":[{"name":"wp","href":"https:\/\/api.w.org\/{rel}","templated":true}]}}