{"id":34679,"date":"2026-08-27T10:35:27","date_gmt":"2026-08-27T08:35:27","guid":{"rendered":"https:\/\/kniznicasamorin.sk\/?p=34679"},"modified":"2026-09-01T10:35:41","modified_gmt":"2026-09-01T08:35:41","slug":"fontos-tajekoztatas-a-konyvtar-ideiglenes-bezarasarol","status":"publish","type":"post","link":"https:\/\/kniznicasamorin.sk\/hu\/2026\/08\/fontos-tajekoztatas-a-konyvtar-ideiglenes-bezarasarol\/","title":{"rendered":"Fontos t\u00e1j\u00e9koztat\u00e1s a k\u00f6nyvt\u00e1r ideiglenes bez\u00e1r\u00e1s\u00e1r\u00f3l"},"content":{"rendered":"\n<p class=\"wp-block-paragraph\">Sajn\u00e1lattal t\u00e1j\u00e9koztatjuk kedves olvas\u00f3inkat, hogy a F\u00f3rum Int\u00e9zetben cs\u0151t\u00f6r\u00e9s t\u00f6rt\u00e9nt, amelynek k\u00f6vetkezt\u00e9ben a k\u00f6nyvt\u00e1r egy r\u00e9sze is be\u00e1zott.<\/p>\n\n\n\n<p class=\"wp-block-paragraph\">A kialakult helyzet miatt k\u00f6nyvt\u00e1runk meghat\u00e1rozatlan ideig z\u00e1rva tart. A helyre\u00e1ll\u00edt\u00e1si munk\u00e1latok folyamatban vannak, \u00e9s mindent megtesz\u00fcnk annak \u00e9rdek\u00e9ben, hogy a k\u00f6nyvt\u00e1r miel\u0151bb \u00fajra megnyithassa kapuit.<\/p>\n\n\n\n<p class=\"wp-block-paragraph\">Folyamatosan t\u00e1j\u00e9koztatni fogjuk \u00d6n\u00f6ket a helyre\u00e1ll\u00edt\u00e1si munk\u00e1latok alakul\u00e1s\u00e1r\u00f3l, valamint arr\u00f3l, hogy mikor tudjuk ism\u00e9t fogadni olvas\u00f3inkat.<\/p>\n\n\n\n<p class=\"wp-block-paragraph\">K\u00f6sz\u00f6nj\u00fck meg\u00e9rt\u00e9s\u00fcket \u00e9s t\u00fcrelm\u00fcket!<\/p>\n\n\n\n<figure class=\"wp-block-video\"><video height=\"1920\" style=\"aspect-ratio: 1080 \/ 1920;\" width=\"1080\" controls src=\"https:\/\/wp-kniznicasamorin.s3.eu-central-1.amazonaws.com\/wp-content\/uploads\/2026\/09\/c494ecbedee841ba8acf6488fb8f2475.mp4\"><\/video><\/figure>\n","protected":false},"excerpt":{"rendered":"<p>Sajn\u00e1lattal t\u00e1j\u00e9koztatjuk kedves olvas\u00f3inkat, hogy a F\u00f3rum Int\u00e9zetben cs\u0151t\u00f6r\u00e9s t\u00f6rt\u00e9nt, amelynek k\u00f6vetkezt\u00e9ben a k\u00f6nyvt\u00e1r egy r\u00e9sze is be\u00e1zott. A kialakult helyzet miatt k\u00f6nyvt\u00e1runk meghat\u00e1rozatlan ideig z\u00e1rva tart. A helyre\u00e1ll\u00edt\u00e1si munk\u00e1latok folyamatban vannak, \u00e9s mindent megtesz\u00fcnk annak \u00e9rdek\u00e9ben, hogy a k\u00f6nyvt\u00e1r miel\u0151bb \u00fajra megnyithassa kapuit. Folyamatosan t\u00e1j\u00e9koztatni fogjuk \u00d6n\u00f6ket a helyre\u00e1ll\u00edt\u00e1si munk\u00e1latok alakul\u00e1s\u00e1r\u00f3l, valamint arr\u00f3l, hogy&#8230; <\/p>\n<div class=\"clear\"><\/div>\n<p><a href=\"https:\/\/kniznicasamorin.sk\/hu\/2026\/08\/fontos-tajekoztatas-a-konyvtar-ideiglenes-bezarasarol\/\" class=\"excerpt-read-more newsstand-button\">B\u0151vebben<\/a><\/p>\n","protected":false},"author":107,"featured_media":34677,"comment_status":"closed","ping_status":"open","sticky":false,"template":"","format":"standard","meta":{"_acf_changed":false,"footnotes":""},"categories":[1],"tags":[],"class_list":["post-34679","post","type-post","status-publish","format-standard","has-post-thumbnail","hentry","category-egyeb"],"acf":[],"_links":{"self":[{"href":"https:\/\/kniznicasamorin.sk\/hu\/wp-json\/wp\/v2\/posts\/34679","targetHints":{"allow":["GET"]}}],"collection":[{"href":"https:\/\/kniznicasamorin.sk\/hu\/wp-json\/wp\/v2\/posts"}],"about":[{"href":"https:\/\/kniznicasamorin.sk\/hu\/wp-json\/wp\/v2\/types\/post"}],"author":[{"embeddable":true,"href":"https:\/\/kniznicasamorin.sk\/hu\/wp-json\/wp\/v2\/users\/107"}],"replies":[{"embeddable":true,"href":"https:\/\/kniznicasamorin.sk\/hu\/wp-json\/wp\/v2\/comments?post=34679"}],"version-history":[{"count":2,"href":"https:\/\/kniznicasamorin.sk\/hu\/wp-json\/wp\/v2\/posts\/34679\/revisions"}],"predecessor-version":[{"id":34681,"href":"https:\/\/kniznicasamorin.sk\/hu\/wp-json\/wp\/v2\/posts\/34679\/revisions\/34681"}],"wp:featuredmedia":[{"embeddable":true,"href":"https:\/\/kniznicasamorin.sk\/hu\/wp-json\/wp\/v2\/media\/34677"}],"wp:attachment":[{"href":"https:\/\/kniznicasamorin.sk\/hu\/wp-json\/wp\/v2\/media?parent=34679"}],"wp:term":[{"taxonomy":"category","embeddable":true,"href":"https:\/\/kniznicasamorin.sk\/hu\/wp-json\/wp\/v2\/categories?post=34679"},{"taxonomy":"post_tag","embeddable":true,"href":"https:\/\/kniznicasamorin.sk\/hu\/wp-json\/wp\/v2\/tags?post=34679"}],"curies":[{"name":"wp","href":"https:\/\/api.w.org\/{rel}","templated":true}]}}