{"id":24483,"date":"2018-12-06T14:18:53","date_gmt":"2018-12-06T13:18:53","guid":{"rendered":"https:\/\/kniznicasamorin.sk\/2018\/12\/oznam-3\/"},"modified":"2019-01-08T09:46:58","modified_gmt":"2019-01-08T08:46:58","slug":"oznam-3","status":"publish","type":"post","link":"https:\/\/kniznicasamorin.sk\/hu\/2018\/12\/oznam-3\/","title":{"rendered":"FIGYELEM!"},"content":{"rendered":"<p class=\"m_-3499154155185857057gmail-MsoNormal\">\u00c9rtes\u00edtj\u00fck a tisztelt olvas\u00f3inkat, hogy k\u00f6nyvt\u00e1runk 2018. december 24. \u00a0\u00e9s 2019. janu\u00e1r 5. k\u00f6z\u00f6tt z\u00e1rva tart.<br \/>\nAz \u00faj \u00e9vben is v\u00e1ltozatlan szolg\u00e1ltat\u00e1sokkal v\u00e1rjuk \u00d6n\u00f6ket, els\u0151 nyitva tart\u00e1si napunk 2019. janu\u00e1r 7. h\u00e9tf\u0151 13.00-t\u00f3l.<\/p>\n<p>B\u00e9k\u00e9s kar\u00e1csonyt \u00e9s boldog \u00faj \u00e9vet k\u00edv\u00e1nunk!<\/p>\n","protected":false},"excerpt":{"rendered":"<p>\u00c9rtes\u00edtj\u00fck a tisztelt olvas\u00f3inkat, hogy k\u00f6nyvt\u00e1runk 2018. december 24. \u00a0\u00e9s 2019. janu\u00e1r 5. k\u00f6z\u00f6tt z\u00e1rva tart. Az \u00faj \u00e9vben is v\u00e1ltozatlan szolg\u00e1ltat\u00e1sokkal v\u00e1rjuk \u00d6n\u00f6ket, els\u0151 nyitva tart\u00e1si napunk 2019. janu\u00e1r 7. h\u00e9tf\u0151 13.00-t\u00f3l. B\u00e9k\u00e9s kar\u00e1csonyt \u00e9s boldog \u00faj \u00e9vet k\u00edv\u00e1nunk!<\/p>\n","protected":false},"author":107,"featured_media":24522,"comment_status":"open","ping_status":"open","sticky":false,"template":"","format":"standard","meta":{"_acf_changed":false,"footnotes":""},"categories":[200],"tags":[],"class_list":["post-24483","post","type-post","status-publish","format-standard","has-post-thumbnail","hentry","category-felhivas"],"acf":[],"_links":{"self":[{"href":"https:\/\/kniznicasamorin.sk\/hu\/wp-json\/wp\/v2\/posts\/24483","targetHints":{"allow":["GET"]}}],"collection":[{"href":"https:\/\/kniznicasamorin.sk\/hu\/wp-json\/wp\/v2\/posts"}],"about":[{"href":"https:\/\/kniznicasamorin.sk\/hu\/wp-json\/wp\/v2\/types\/post"}],"author":[{"embeddable":true,"href":"https:\/\/kniznicasamorin.sk\/hu\/wp-json\/wp\/v2\/users\/107"}],"replies":[{"embeddable":true,"href":"https:\/\/kniznicasamorin.sk\/hu\/wp-json\/wp\/v2\/comments?post=24483"}],"version-history":[{"count":1,"href":"https:\/\/kniznicasamorin.sk\/hu\/wp-json\/wp\/v2\/posts\/24483\/revisions"}],"predecessor-version":[{"id":24484,"href":"https:\/\/kniznicasamorin.sk\/hu\/wp-json\/wp\/v2\/posts\/24483\/revisions\/24484"}],"wp:featuredmedia":[{"embeddable":true,"href":"https:\/\/kniznicasamorin.sk\/hu\/wp-json\/wp\/v2\/media\/24522"}],"wp:attachment":[{"href":"https:\/\/kniznicasamorin.sk\/hu\/wp-json\/wp\/v2\/media?parent=24483"}],"wp:term":[{"taxonomy":"category","embeddable":true,"href":"https:\/\/kniznicasamorin.sk\/hu\/wp-json\/wp\/v2\/categories?post=24483"},{"taxonomy":"post_tag","embeddable":true,"href":"https:\/\/kniznicasamorin.sk\/hu\/wp-json\/wp\/v2\/tags?post=24483"}],"curies":[{"name":"wp","href":"https:\/\/api.w.org\/{rel}","templated":true}]}}