{"id":23954,"date":"2017-10-28T11:14:10","date_gmt":"2017-10-28T09:14:10","guid":{"rendered":"https:\/\/kniznicasamorin.sk\/?p=23954\/"},"modified":"2018-02-13T11:48:15","modified_gmt":"2018-02-13T10:48:15","slug":"elismeresben-reszesultunk","status":"publish","type":"post","link":"https:\/\/kniznicasamorin.sk\/hu\/2017\/10\/elismeresben-reszesultunk\/","title":{"rendered":"Elismer\u00e9sben r\u00e9szes\u00fclt\u00fcnk"},"content":{"rendered":"<p>A Szlov\u00e1kiai Magyar \u00cdr\u00f3k T\u00e1rsas\u00e1ga k\u00f6nyvt\u00e1runkat elismer\u00e9sben r\u00e9szes\u00edtette.\u00a0 Dunaszerdahelyen a Vermes Vill\u00e1ban az \u00fcnnep\u00e9lyes d\u00edjkioszt\u00f3n Pirk Ilona \u00e1tvette az oklevelet.<\/p>\n<p><a href=\"https:\/\/kniznicasamorin.sk\/files\/2018\/02\/171025153156_0001.jpg\"><img loading=\"lazy\" decoding=\"async\" class=\"alignnone size-large wp-image-23956\" src=\"https:\/\/kniznicasamorin.sk\/files\/2018\/02\/171025153156_0001-729x1024.jpg\" alt=\"\" width=\"660\" height=\"927\" srcset=\"https:\/\/wp-kniznicasamorin.s3.eu-central-1.amazonaws.com\/wp-content\/uploads\/2018\/02\/171025153156_0001-729x1024.jpg 729w, https:\/\/wp-kniznicasamorin.s3.eu-central-1.amazonaws.com\/wp-content\/uploads\/2018\/02\/171025153156_0001-214x300.jpg 214w, https:\/\/wp-kniznicasamorin.s3.eu-central-1.amazonaws.com\/wp-content\/uploads\/2018\/02\/171025153156_0001-768x1078.jpg 768w, https:\/\/wp-kniznicasamorin.s3.eu-central-1.amazonaws.com\/wp-content\/uploads\/2018\/02\/171025153156_0001-1094x1536.jpg 1094w, https:\/\/wp-kniznicasamorin.s3.eu-central-1.amazonaws.com\/wp-content\/uploads\/2018\/02\/171025153156_0001-1459x2048.jpg 1459w, https:\/\/wp-kniznicasamorin.s3.eu-central-1.amazonaws.com\/wp-content\/uploads\/2018\/02\/171025153156_0001-scaled.jpg 1140w\" sizes=\"auto, (max-width: 660px) 100vw, 660px\" \/><\/a><\/p>\n","protected":false},"excerpt":{"rendered":"<p>A Szlov\u00e1kiai Magyar \u00cdr\u00f3k T\u00e1rsas\u00e1ga k\u00f6nyvt\u00e1runkat elismer\u00e9sben r\u00e9szes\u00edtette.\u00a0 Dunaszerdahelyen a Vermes Vill\u00e1ban az \u00fcnnep\u00e9lyes d\u00edjkioszt\u00f3n Pirk Ilona \u00e1tvette az oklevelet.<\/p>\n","protected":false},"author":107,"featured_media":23955,"comment_status":"open","ping_status":"open","sticky":false,"template":"","format":"standard","meta":{"_acf_changed":false,"footnotes":""},"categories":[1],"tags":[],"class_list":["post-23954","post","type-post","status-publish","format-standard","has-post-thumbnail","hentry","category-egyeb"],"acf":[],"_links":{"self":[{"href":"https:\/\/kniznicasamorin.sk\/hu\/wp-json\/wp\/v2\/posts\/23954","targetHints":{"allow":["GET"]}}],"collection":[{"href":"https:\/\/kniznicasamorin.sk\/hu\/wp-json\/wp\/v2\/posts"}],"about":[{"href":"https:\/\/kniznicasamorin.sk\/hu\/wp-json\/wp\/v2\/types\/post"}],"author":[{"embeddable":true,"href":"https:\/\/kniznicasamorin.sk\/hu\/wp-json\/wp\/v2\/users\/107"}],"replies":[{"embeddable":true,"href":"https:\/\/kniznicasamorin.sk\/hu\/wp-json\/wp\/v2\/comments?post=23954"}],"version-history":[{"count":1,"href":"https:\/\/kniznicasamorin.sk\/hu\/wp-json\/wp\/v2\/posts\/23954\/revisions"}],"predecessor-version":[{"id":23957,"href":"https:\/\/kniznicasamorin.sk\/hu\/wp-json\/wp\/v2\/posts\/23954\/revisions\/23957"}],"wp:featuredmedia":[{"embeddable":true,"href":"https:\/\/kniznicasamorin.sk\/hu\/wp-json\/wp\/v2\/media\/23955"}],"wp:attachment":[{"href":"https:\/\/kniznicasamorin.sk\/hu\/wp-json\/wp\/v2\/media?parent=23954"}],"wp:term":[{"taxonomy":"category","embeddable":true,"href":"https:\/\/kniznicasamorin.sk\/hu\/wp-json\/wp\/v2\/categories?post=23954"},{"taxonomy":"post_tag","embeddable":true,"href":"https:\/\/kniznicasamorin.sk\/hu\/wp-json\/wp\/v2\/tags?post=23954"}],"curies":[{"name":"wp","href":"https:\/\/api.w.org\/{rel}","templated":true}]}}