{"id":23665,"date":"2017-10-26T10:57:48","date_gmt":"2017-10-26T08:57:48","guid":{"rendered":"https:\/\/kniznicasamorin.sk\/?p=23665\/"},"modified":"2017-10-26T10:57:48","modified_gmt":"2017-10-26T08:57:48","slug":"otvos-anna-lola-konyve-kassatol-marai-sandorig","status":"publish","type":"post","link":"https:\/\/kniznicasamorin.sk\/hu\/2017\/10\/otvos-anna-lola-konyve-kassatol-marai-sandorig\/","title":{"rendered":"\u00d6tv\u00f6s Anna: Lola k\u00f6nyve &#8211; Kass\u00e1t\u00f3l M\u00e1rai S\u00e1ndorig"},"content":{"rendered":"<p>Ki volt Matzner Lola, M\u00e1rai S\u00e1ndor rejt\u0151zk\u00f6d\u0151 feles\u00e9ge, \u00edr\u00e1sainak els\u0151 olvas\u00f3ja, akit napl\u00f3iban csak L. kezd\u0151bet\u0171vel jel\u00f6l? Mi a szem\u00e9lyes t\u00f6rt\u00e9nete? \u00d6tv\u00f6s Anna kassai t\u00f6rt\u00e9n\u00e9sz-k\u00f6nyvt\u00e1ros, M\u00e1rai-kutat\u00f3 az L. bet\u0171 m\u00f6g\u00e9 akart n\u00e9zni, kiemelni alakj\u00e1t az ismeretlens\u00e9gb\u0151l. Sz\u00f3 szerint a szem\u00e9tb\u0151l ker\u00fclt hozz\u00e1 Matzner Lola fot\u00f3albuma, amelynek anyaga a k\u00f6nyvben l\u00e1that\u00f3 el\u0151sz\u00f6r. \u00d6tv\u00f6s Anna val\u00f3di leletment\u00e9st v\u00e9gzett, leporolta a k\u00e9peket, lev\u00e9lt\u00e1ri \u00e9s sajt\u00f3forr\u00e1sok, levelek, napl\u00f3k, interj\u00fak seg\u00edts\u00e9g\u00e9vel felder\u00edtette a fot\u00f3kon l\u00e1that\u00f3 figur\u00e1k csal\u00e1di viszonyrendszer\u00e9t. A Moskovicsok \u00e9s Matznerek orvos-lapkiad\u00f3 csal\u00e1dja a 19. sz\u00e1zad v\u00e9g\u00e9n, a 20. sz\u00e1zad elej\u00e9n fontos szerepet j\u00e1tszott Kassa szellemi felemelked\u00e9s\u00e9ben; \u00f6nzetlen\u00fcl j\u00f3t\u00e9konykodtak, szenved\u00e9lyesen munk\u00e1lkodtak a k\u00f6zj\u00f3\u00e9rt. A k\u00f6tet rekonstru\u00e1lja azt a kultur\u00e1lis \u00e9s t\u00e1rsadalmi k\u00f6zeget, ahonnan M\u00e1rai \u00e9s feles\u00e9ge elindult. A forr\u00e1skiadv\u00e1ny hi\u00e1nyp\u00f3tl\u00f3 a M\u00e1rai-kutat\u00e1sban: t\u00f6bb hom\u00e1lyos \u00e9letrajzi momentumot is pontos\u00edt, \u00e9s makacs legend\u00e1kat oszlat el.<\/p>\n","protected":false},"excerpt":{"rendered":"<p>Ki volt Matzner Lola, M\u00e1rai S\u00e1ndor rejt\u0151zk\u00f6d\u0151 feles\u00e9ge, \u00edr\u00e1sainak els\u0151 olvas\u00f3ja, akit napl\u00f3iban csak L. kezd\u0151bet\u0171vel jel\u00f6l? Mi a szem\u00e9lyes t\u00f6rt\u00e9nete? \u00d6tv\u00f6s Anna kassai t\u00f6rt\u00e9n\u00e9sz-k\u00f6nyvt\u00e1ros, M\u00e1rai-kutat\u00f3 az L. bet\u0171 m\u00f6g\u00e9 akart n\u00e9zni, kiemelni alakj\u00e1t az ismeretlens\u00e9gb\u0151l. Sz\u00f3 szerint a szem\u00e9tb\u0151l ker\u00fclt hozz\u00e1 Matzner Lola fot\u00f3albuma, amelynek anyaga a k\u00f6nyvben l\u00e1that\u00f3 el\u0151sz\u00f6r. \u00d6tv\u00f6s Anna val\u00f3di leletment\u00e9st&#8230; <\/p>\n<div class=\"clear\"><\/div>\n<p><a href=\"https:\/\/kniznicasamorin.sk\/hu\/2017\/10\/otvos-anna-lola-konyve-kassatol-marai-sandorig\/\" class=\"excerpt-read-more newsstand-button\">B\u0151vebben<\/a><\/p>\n","protected":false},"author":107,"featured_media":23666,"comment_status":"open","ping_status":"open","sticky":false,"template":"","format":"standard","meta":{"_acf_changed":false,"footnotes":""},"categories":[1],"tags":[],"class_list":["post-23665","post","type-post","status-publish","format-standard","has-post-thumbnail","hentry","category-egyeb"],"acf":[],"_links":{"self":[{"href":"https:\/\/kniznicasamorin.sk\/hu\/wp-json\/wp\/v2\/posts\/23665","targetHints":{"allow":["GET"]}}],"collection":[{"href":"https:\/\/kniznicasamorin.sk\/hu\/wp-json\/wp\/v2\/posts"}],"about":[{"href":"https:\/\/kniznicasamorin.sk\/hu\/wp-json\/wp\/v2\/types\/post"}],"author":[{"embeddable":true,"href":"https:\/\/kniznicasamorin.sk\/hu\/wp-json\/wp\/v2\/users\/107"}],"replies":[{"embeddable":true,"href":"https:\/\/kniznicasamorin.sk\/hu\/wp-json\/wp\/v2\/comments?post=23665"}],"version-history":[{"count":0,"href":"https:\/\/kniznicasamorin.sk\/hu\/wp-json\/wp\/v2\/posts\/23665\/revisions"}],"wp:featuredmedia":[{"embeddable":true,"href":"https:\/\/kniznicasamorin.sk\/hu\/wp-json\/wp\/v2\/media\/23666"}],"wp:attachment":[{"href":"https:\/\/kniznicasamorin.sk\/hu\/wp-json\/wp\/v2\/media?parent=23665"}],"wp:term":[{"taxonomy":"category","embeddable":true,"href":"https:\/\/kniznicasamorin.sk\/hu\/wp-json\/wp\/v2\/categories?post=23665"},{"taxonomy":"post_tag","embeddable":true,"href":"https:\/\/kniznicasamorin.sk\/hu\/wp-json\/wp\/v2\/tags?post=23665"}],"curies":[{"name":"wp","href":"https:\/\/api.w.org\/{rel}","templated":true}]}}