{"id":23662,"date":"2017-10-26T10:51:37","date_gmt":"2017-10-26T08:51:37","guid":{"rendered":"https:\/\/kniznicasamorin.sk\/?p=23662\/"},"modified":"2017-10-26T10:51:37","modified_gmt":"2017-10-26T08:51:37","slug":"al-ghaoui-hesna-felj-batran","status":"publish","type":"post","link":"https:\/\/kniznicasamorin.sk\/hu\/2017\/10\/al-ghaoui-hesna-felj-batran\/","title":{"rendered":"Al Ghaoui Hesna: F\u00e9lj b\u00e1tran"},"content":{"rendered":"<p>\u201eMaga a val\u00f3s\u00e1gban ilyen pici? \u00c9s m\u00e9gsem f\u00e9l ezekben a vesz\u00e9lyes orsz\u00e1gokban? Az elm\u00falt tizen\u00f6t \u00e9vben sz\u00e1mtalanszor szegezt\u00e9k nekem ezt a k\u00e9rd\u00e9st, amikor egy-egy r\u00e1z\u00f3sabb tud\u00f3s\u00edt\u00e1s ut\u00e1n haza\u00e9rkeztem. A termetem soha nem okozott \u00f6n\u00e9rt\u00e9kel\u00e9si probl\u00e9m\u00e1t, az viszont nem f\u00e9rt a fejembe, mi\u00e9rt gondolja b\u00e1rki, hogy a h\u00e1bor\u00fas terepeken nem szoktam f\u00e9lni. Term\u00e9szetesen f\u00e9lek. De amikor ezt elmondtam a gyan\u00fatlan k\u00e9rdez\u0151knek, csal\u00f3dotts\u00e1got l\u00e1ttam az arcukon. Mintha elloptam volna t\u0151l\u00fck egy ill\u00fazi\u00f3t. \u00c9s ez a jelens\u00e9g elkezdett \u00e9rdekelni. Mi\u00e9rt v\u00e1gynak az emberek a f\u00e9lelem n\u00e9lk\u00fcli \u00e9let titkos receptj\u00e1re? Mi\u00e9rt f\u00e9l mindenki a f\u00e9lelemt\u0151l? Vizsg\u00e1lni kezdtem a f\u00e9lelmeimet, tud\u00f3s\u00edt\u00f3k\u00e9nt, anyak\u00e9nt, f\u00e9lig arab n\u0151k\u00e9nt, magyar \u00e1llampolg\u00e1rk\u00e9nt, \u00e9s r\u00e1j\u00f6ttem, hogy a f\u00e9lelem \u00fczemagnyagk\u00e9nt m\u0171k\u00f6dik benn\u00fcnk, ami kihozhaja a legjobb \u00e9s a legrosszabb oldalunkat is.\u201c<\/p>\n","protected":false},"excerpt":{"rendered":"<p>\u201eMaga a val\u00f3s\u00e1gban ilyen pici? \u00c9s m\u00e9gsem f\u00e9l ezekben a vesz\u00e9lyes orsz\u00e1gokban? Az elm\u00falt tizen\u00f6t \u00e9vben sz\u00e1mtalanszor szegezt\u00e9k nekem ezt a k\u00e9rd\u00e9st, amikor egy-egy r\u00e1z\u00f3sabb tud\u00f3s\u00edt\u00e1s ut\u00e1n haza\u00e9rkeztem. A termetem soha nem okozott \u00f6n\u00e9rt\u00e9kel\u00e9si probl\u00e9m\u00e1t, az viszont nem f\u00e9rt a fejembe, mi\u00e9rt gondolja b\u00e1rki, hogy a h\u00e1bor\u00fas terepeken nem szoktam f\u00e9lni. Term\u00e9szetesen f\u00e9lek. De amikor&#8230; <\/p>\n<div class=\"clear\"><\/div>\n<p><a href=\"https:\/\/kniznicasamorin.sk\/hu\/2017\/10\/al-ghaoui-hesna-felj-batran\/\" class=\"excerpt-read-more newsstand-button\">B\u0151vebben<\/a><\/p>\n","protected":false},"author":107,"featured_media":23659,"comment_status":"open","ping_status":"open","sticky":false,"template":"","format":"standard","meta":{"_acf_changed":false,"footnotes":""},"categories":[1],"tags":[],"class_list":["post-23662","post","type-post","status-publish","format-standard","has-post-thumbnail","hentry","category-egyeb"],"acf":[],"_links":{"self":[{"href":"https:\/\/kniznicasamorin.sk\/hu\/wp-json\/wp\/v2\/posts\/23662","targetHints":{"allow":["GET"]}}],"collection":[{"href":"https:\/\/kniznicasamorin.sk\/hu\/wp-json\/wp\/v2\/posts"}],"about":[{"href":"https:\/\/kniznicasamorin.sk\/hu\/wp-json\/wp\/v2\/types\/post"}],"author":[{"embeddable":true,"href":"https:\/\/kniznicasamorin.sk\/hu\/wp-json\/wp\/v2\/users\/107"}],"replies":[{"embeddable":true,"href":"https:\/\/kniznicasamorin.sk\/hu\/wp-json\/wp\/v2\/comments?post=23662"}],"version-history":[{"count":0,"href":"https:\/\/kniznicasamorin.sk\/hu\/wp-json\/wp\/v2\/posts\/23662\/revisions"}],"wp:featuredmedia":[{"embeddable":true,"href":"https:\/\/kniznicasamorin.sk\/hu\/wp-json\/wp\/v2\/media\/23659"}],"wp:attachment":[{"href":"https:\/\/kniznicasamorin.sk\/hu\/wp-json\/wp\/v2\/media?parent=23662"}],"wp:term":[{"taxonomy":"category","embeddable":true,"href":"https:\/\/kniznicasamorin.sk\/hu\/wp-json\/wp\/v2\/categories?post=23662"},{"taxonomy":"post_tag","embeddable":true,"href":"https:\/\/kniznicasamorin.sk\/hu\/wp-json\/wp\/v2\/tags?post=23662"}],"curies":[{"name":"wp","href":"https:\/\/api.w.org\/{rel}","templated":true}]}}