{"id":22148,"date":"2015-10-08T13:49:16","date_gmt":"2015-10-08T11:49:16","guid":{"rendered":"https:\/\/kniznicasamorin.sk\/hu\/?p=22148"},"modified":"2015-10-08T13:49:16","modified_gmt":"2015-10-08T11:49:16","slug":"hyeonseo-lee-a-lany-het-nevvel-szokesem-eszak-koreabol","status":"publish","type":"post","link":"https:\/\/kniznicasamorin.sk\/hu\/2015\/10\/hyeonseo-lee-a-lany-het-nevvel-szokesem-eszak-koreabol\/","title":{"rendered":"Hyeonseo Lee: A l\u00e1ny h\u00e9t n\u00e9vvel &#8211; Sz\u00f6k\u00e9sem \u00c9szak-Kore\u00e1b\u00f3l"},"content":{"rendered":"<p>Hyeonseo Lee \u00c9szak-Kore\u00e1ban, a vil\u00e1g egyik legkegyetlenebb diktat\u00far\u00e1j\u00e1ban t\u00f6lt\u00f6tte gyermekkor\u00e1t. Egyike annak a t\u00f6bb milli\u00f3 embernek, akit t\u00faszul ejtett a titkol\u00f3z\u00f3, brut\u00e1lis kommunista rezsim. Amikor az 1990-es \u00e9vekben les\u00fajtott \u00c9szak-Kore\u00e1ra az \u00e9h\u00edns\u00e9g, r\u00e1\u00e9bredt, hogy eg\u00e9sz \u00e9let\u00e9ben agymos\u00e1son ment kereszt\u00fcl.<br \/>\nTizenh\u00e9t \u00e9vesen elhagyta a haz\u00e1j\u00e1t. Hazat\u00e9r\u00e9sre menek\u00fcltk\u00e9nt nem is gondolhatott, mert csal\u00e1dj\u00e1val egy\u00fctt b\u00f6rt\u00f6n \u00e9s k\u00ednz\u00e1s v\u00e1rt volna r\u00e1. Mivel \u00e9letben akart maradni, K\u00edn\u00e1ban telepedett le. Tizenk\u00e9t \u00e9v eltelt\u00e9vel visszat\u00e9rt az \u00e9szak-koreai hat\u00e1rhoz, hogy egy mer\u00e9sz k\u00fcldet\u00e9s sor\u00e1n \u00e1tseg\u00edtse csal\u00e1dj\u00e1t D\u00e9l-Kore\u00e1ba.<br \/>\nEz a vakmer\u0151 \u00e9s k\u00fcl\u00f6nleges t\u00f6rt\u00e9net bepillant\u00e1st enged a vil\u00e1g legz\u00e1rtabb diktat\u00far\u00e1j\u00e1nak mindennapjaiba, els\u0151 k\u00e9zb\u0151l ad sz\u00e1mot a t\u00f6rt\u00e9nelem egyik legbrut\u00e1lisabb \u00e9h\u00edns\u00e9g\u00e9r\u0151l, mik\u00f6zben megismerhet\u00fcnk egy kiv\u00e9teles n\u0151t, aki nem f\u00e9lt k\u00fczdelmesen kiv\u00edvott szabads\u00e1g\u00e1t kock\u00e1ra tenni a csal\u00e1dj\u00e1\u00e9rt.<\/p>\n","protected":false},"excerpt":{"rendered":"<p>Hyeonseo Lee \u00c9szak-Kore\u00e1ban, a vil\u00e1g egyik legkegyetlenebb diktat\u00far\u00e1j\u00e1ban t\u00f6lt\u00f6tte gyermekkor\u00e1t. Egyike annak a t\u00f6bb milli\u00f3 embernek, akit t\u00faszul ejtett a titkol\u00f3z\u00f3, brut\u00e1lis kommunista rezsim. Amikor az 1990-es \u00e9vekben les\u00fajtott \u00c9szak-Kore\u00e1ra az \u00e9h\u00edns\u00e9g, r\u00e1\u00e9bredt, hogy eg\u00e9sz \u00e9let\u00e9ben agymos\u00e1son ment kereszt\u00fcl. Tizenh\u00e9t \u00e9vesen elhagyta a haz\u00e1j\u00e1t. Hazat\u00e9r\u00e9sre menek\u00fcltk\u00e9nt nem is gondolhatott, mert csal\u00e1dj\u00e1val egy\u00fctt b\u00f6rt\u00f6n \u00e9s k\u00ednz\u00e1s&#8230; <\/p>\n<div class=\"clear\"><\/div>\n<p><a href=\"https:\/\/kniznicasamorin.sk\/hu\/2015\/10\/hyeonseo-lee-a-lany-het-nevvel-szokesem-eszak-koreabol\/\" class=\"excerpt-read-more newsstand-button\">B\u0151vebben<\/a><\/p>\n","protected":false},"author":107,"featured_media":22143,"comment_status":"open","ping_status":"open","sticky":false,"template":"","format":"standard","meta":{"_acf_changed":false,"footnotes":""},"categories":[1],"tags":[],"class_list":["post-22148","post","type-post","status-publish","format-standard","has-post-thumbnail","hentry","category-egyeb"],"acf":[],"_links":{"self":[{"href":"https:\/\/kniznicasamorin.sk\/hu\/wp-json\/wp\/v2\/posts\/22148","targetHints":{"allow":["GET"]}}],"collection":[{"href":"https:\/\/kniznicasamorin.sk\/hu\/wp-json\/wp\/v2\/posts"}],"about":[{"href":"https:\/\/kniznicasamorin.sk\/hu\/wp-json\/wp\/v2\/types\/post"}],"author":[{"embeddable":true,"href":"https:\/\/kniznicasamorin.sk\/hu\/wp-json\/wp\/v2\/users\/107"}],"replies":[{"embeddable":true,"href":"https:\/\/kniznicasamorin.sk\/hu\/wp-json\/wp\/v2\/comments?post=22148"}],"version-history":[{"count":0,"href":"https:\/\/kniznicasamorin.sk\/hu\/wp-json\/wp\/v2\/posts\/22148\/revisions"}],"wp:featuredmedia":[{"embeddable":true,"href":"https:\/\/kniznicasamorin.sk\/hu\/wp-json\/wp\/v2\/media\/22143"}],"wp:attachment":[{"href":"https:\/\/kniznicasamorin.sk\/hu\/wp-json\/wp\/v2\/media?parent=22148"}],"wp:term":[{"taxonomy":"category","embeddable":true,"href":"https:\/\/kniznicasamorin.sk\/hu\/wp-json\/wp\/v2\/categories?post=22148"},{"taxonomy":"post_tag","embeddable":true,"href":"https:\/\/kniznicasamorin.sk\/hu\/wp-json\/wp\/v2\/tags?post=22148"}],"curies":[{"name":"wp","href":"https:\/\/api.w.org\/{rel}","templated":true}]}}