{"id":20229,"date":"2014-02-17T13:14:11","date_gmt":"2014-02-17T12:14:11","guid":{"rendered":"https:\/\/kniznicasamorin.sk\/?p=20229"},"modified":"2014-02-25T13:54:18","modified_gmt":"2014-02-25T12:54:18","slug":"20229","status":"publish","type":"post","link":"https:\/\/kniznicasamorin.sk\/hu\/2014\/02\/20229\/","title":{"rendered":"Szomolai Tibor: Felvid\u00e9ki saga"},"content":{"rendered":"<p>Neh\u00e9z a Felvid\u00e9ken magyarnak lenni?<br \/>\nErre a gyakran felvet\u0151d\u0151 k\u00e9rd\u00e9sre nem adhat\u00f3 egyszavas v\u00e1lasz. Tal\u00e1n ebb\u0151l a m\u00e1tyusf\u00f6ldi magyarok sors\u00e1t bemutat\u00f3 reg\u00e9nyb\u0151l k\u00f6zelebb juthatunk az igazs\u00e1ghoz.<br \/>\nA Felvid\u00e9ki saga csal\u00e1dreg\u00e9ny, de t\u00f6bb ann\u00e1l. Egy nincstelen zsell\u00e9rl\u00e1ny \u00e9s az \u0151 ut\u00f3dainak sorsa \u00e1ltal a felvid\u00e9ki magyars\u00e1g h\u00e1nyattat\u00e1sait mutatja be. Mindezt az egyszer\u0171 emberek szemsz\u00f6g\u00e9b\u0151l, akik sz\u00e1m\u00e1ra az csak \u00fajs\u00e1gh\u00edr, hogy valamelyik messze d\u00e9len fekv\u0151 v\u00e1rosban lel\u0151tt\u00e9k a tr\u00f3n\u00f6r\u00f6k\u00f6st, de az m\u00e1r v\u00e9res val\u00f3s\u00e1g, hogy ennek k\u00f6vetkezt\u00e9ben az egyik csal\u00e1dtag odaveszett a fronton.<br \/>\nAngyal M\u00e1ria t\u00f6rt\u00e9nete az ezer\u00e9ves magyar kir\u00e1lys\u00e1g v\u00e9gnapjaiban, a XX. sz\u00e1zad elej\u00e9n kezd\u0151dik. \u00c1t\u00e9li \u00e9s megszenvedi az I. vil\u00e1gh\u00e1bor\u00fat, Trianont, a II. vil\u00e1gh\u00e1bor\u00fa borzalmait \u00e9s a csehorsz\u00e1gi deport\u00e1l\u00e1st.<br \/>\nA kommunizmus \u00e9veit, a pr\u00e1gai tavaszt, a b\u00e1rsonyos forradalmat, Csehszlov\u00e1kia sz\u00e9tv\u00e1l\u00e1s\u00e1t \u00e9s Szlov\u00e1ki\u00e1nak az Eur\u00f3pai Uni\u00f3ba val\u00f3 bel\u00e9p\u00e9s\u00e9t m\u00e1r az ut\u00f3dai \u00e9lik meg. Minden h\u00e1nyattat\u00e1s ellen\u00e9re a n\u00e9hai szeg\u00e9ny asszony lesz\u00e1rmazottai egy csal\u00e1di tal\u00e1lkoz\u00f3 alkalm\u00e1val el\u00e9gedetten vethetnek sz\u00e1mot a m\u00falttal, \u00e9s bizakod\u00f3an tekinthetnek a j\u00f6v\u0151be:<br \/>\n\u201eB\u00e1r a csal\u00e1d f\u00e1j\u00e1r\u00f3l sok levelet messze sodortak a t\u00f6rt\u00e9nelem viharai, a rokons\u00e1g jelent\u0151s r\u00e9sze m\u00e9g mindig a k\u00e9t \u0151si f\u00e9szekben, Kir\u00e1lyr\u00e9vben \u00e9s Als\u00f3szeliben \u00e9l. Magyars\u00e1gunkat megtartottuk. Ha k\u00f6r\u00fcln\u00e9z\u00fcnk, l\u00e1thatjuk, a csal\u00e1d f\u00e1ja er\u0151s \u00e9s eg\u00e9szs\u00e9ges. Abban is biztosak lehet\u00fcnk, ha seg\u00edtj\u00fck egym\u00e1st \u00e9s \u00f6sszetartunk, akkor az \u00dar is megseg\u00edt benn\u00fcnket \u00e9s nincs az az er\u0151, amely ezt a f\u00e1t ebb\u0151l a f\u00f6ldb\u0151l kit\u00e9phetn\u00e9.\u201d<\/p>\n<p>&nbsp;<\/p>\n<p>&nbsp;<\/p>\n","protected":false},"excerpt":{"rendered":"<p>Neh\u00e9z a Felvid\u00e9ken magyarnak lenni? Erre a gyakran felvet\u0151d\u0151 k\u00e9rd\u00e9sre nem adhat\u00f3 egyszavas v\u00e1lasz. Tal\u00e1n ebb\u0151l a m\u00e1tyusf\u00f6ldi magyarok sors\u00e1t bemutat\u00f3 reg\u00e9nyb\u0151l k\u00f6zelebb juthatunk az igazs\u00e1ghoz. A Felvid\u00e9ki saga csal\u00e1dreg\u00e9ny, de t\u00f6bb ann\u00e1l. Egy nincstelen zsell\u00e9rl\u00e1ny \u00e9s az \u0151 ut\u00f3dainak sorsa \u00e1ltal a felvid\u00e9ki magyars\u00e1g h\u00e1nyattat\u00e1sait mutatja be. Mindezt az egyszer\u0171 emberek szemsz\u00f6g\u00e9b\u0151l, akik sz\u00e1m\u00e1ra&#8230; <\/p>\n<div class=\"clear\"><\/div>\n<p><a href=\"https:\/\/kniznicasamorin.sk\/hu\/2014\/02\/20229\/\" class=\"excerpt-read-more newsstand-button\">B\u0151vebben<\/a><\/p>\n","protected":false},"author":107,"featured_media":20327,"comment_status":"open","ping_status":"open","sticky":false,"template":"","format":"standard","meta":{"_acf_changed":false,"footnotes":""},"categories":[1],"tags":[],"class_list":["post-20229","post","type-post","status-publish","format-standard","has-post-thumbnail","hentry","category-egyeb"],"acf":[],"_links":{"self":[{"href":"https:\/\/kniznicasamorin.sk\/hu\/wp-json\/wp\/v2\/posts\/20229","targetHints":{"allow":["GET"]}}],"collection":[{"href":"https:\/\/kniznicasamorin.sk\/hu\/wp-json\/wp\/v2\/posts"}],"about":[{"href":"https:\/\/kniznicasamorin.sk\/hu\/wp-json\/wp\/v2\/types\/post"}],"author":[{"embeddable":true,"href":"https:\/\/kniznicasamorin.sk\/hu\/wp-json\/wp\/v2\/users\/107"}],"replies":[{"embeddable":true,"href":"https:\/\/kniznicasamorin.sk\/hu\/wp-json\/wp\/v2\/comments?post=20229"}],"version-history":[{"count":0,"href":"https:\/\/kniznicasamorin.sk\/hu\/wp-json\/wp\/v2\/posts\/20229\/revisions"}],"wp:featuredmedia":[{"embeddable":true,"href":"https:\/\/kniznicasamorin.sk\/hu\/wp-json\/wp\/v2\/media\/20327"}],"wp:attachment":[{"href":"https:\/\/kniznicasamorin.sk\/hu\/wp-json\/wp\/v2\/media?parent=20229"}],"wp:term":[{"taxonomy":"category","embeddable":true,"href":"https:\/\/kniznicasamorin.sk\/hu\/wp-json\/wp\/v2\/categories?post=20229"},{"taxonomy":"post_tag","embeddable":true,"href":"https:\/\/kniznicasamorin.sk\/hu\/wp-json\/wp\/v2\/tags?post=20229"}],"curies":[{"name":"wp","href":"https:\/\/api.w.org\/{rel}","templated":true}]}}